{"id":1523,"date":"2018-07-06T12:20:46","date_gmt":"2018-07-06T11:20:46","guid":{"rendered":"http:\/\/francoisrouan.net\/?p=1523"},"modified":"2019-07-29T11:37:48","modified_gmt":"2019-07-29T10:37:48","slug":"il-ny-a-pas-de-rapport-3","status":"publish","type":"post","link":"https:\/\/francoisrouan.net\/?p=1523&lang=fr","title":{"rendered":"Il n&rsquo;y a pas de rapport"},"content":{"rendered":"<h3>Il n\u2019y a pas de rapport<\/h3>\n<p><span style=\"color: #808080;\">2015 \u2014 14\u203238\u2033 \u2014 HD<\/span><\/p>\n<p>Apr\u00e8s la pr\u00e9sentation d&rsquo;une vid\u00e9o lors d&rsquo;un colloque, on fait la remarque suivante \u00e0 Fran\u00e7ois Rouan : \u00abIl ne faut pas nous prendre pour des cons, tes mod\u00e8les, ils sont jolis, mais ce ne sont pas des mod\u00e8les. Un mod\u00e8le, \u00e7a ne parle pas.\u00bb<br \/>\nCe commentaire sid\u00e8re Fran\u00e7ois Rouan, chez qui les s\u00e9ances de pose sont de v\u00e9ritables moments d&rsquo;\u00e9changes, souvent intimes.<br \/>\nCette remarque, venant d&rsquo;un universitaire, d\u00e9clenchera l&rsquo;envie de faire un film o\u00f9 la parole du mod\u00e8le sera centrale. Un premier montage sera r\u00e9alis\u00e9 en 2006 sous le titre \u00abSans le savoir\u00bb.<br \/>\nNeuf ans plus tard, un nouveau montage est r\u00e9alis\u00e9 : \u00abIl n&rsquo;y a pas de rapport\u00bb.<\/p>\n<p><span style=\"color: #808080;\">Extrait d&rsquo;<em>Il n&rsquo;y a pas de rapport <\/em>:<\/span><\/p>\n<p><iframe loading=\"lazy\" src=\"\/\/www.dailymotion.com\/embed\/video\/k3cYVOr1m3bG6QrfcqU?queue-enable=false\" width=\"640\" height=\"360\" frameborder=\"0\" allowfullscreen=\"allowfullscreen\"><span style=\"display: inline-block; width: 0px; overflow: hidden; line-height: 0;\" data-mce-type=\"bookmark\" class=\"mce_SELRES_start\">\ufeff<\/span><\/iframe><\/p>\n","protected":false},"excerpt":{"rendered":"<p>Il n\u2019y a pas de rapport 2015 \u2014 14\u203238\u2033 \u2014 HD Apr\u00e8s la pr\u00e9sentation d&rsquo;une vid\u00e9o lors d&rsquo;un colloque, on fait la remarque suivante \u00e0 Fran\u00e7ois Rouan : \u00abIl ne faut pas nous prendre pour des cons, tes mod\u00e8les, ils sont jolis, mais ce ne sont pas des mod\u00e8les. Un mod\u00e8le, \u00e7a ne parle pas.\u00bb &hellip; <a href=\"https:\/\/francoisrouan.net\/?p=1523&#038;lang=fr\" class=\"more-link\">Continuer la lecture de <span class=\"screen-reader-text\">Il n&rsquo;y a pas de rapport<\/span><\/a><\/p>\n","protected":false},"author":1,"featured_media":0,"comment_status":"closed","ping_status":"closed","sticky":false,"template":"","format":"standard","meta":[],"categories":[35],"tags":[],"_links":{"self":[{"href":"https:\/\/francoisrouan.net\/index.php?rest_route=\/wp\/v2\/posts\/1523"}],"collection":[{"href":"https:\/\/francoisrouan.net\/index.php?rest_route=\/wp\/v2\/posts"}],"about":[{"href":"https:\/\/francoisrouan.net\/index.php?rest_route=\/wp\/v2\/types\/post"}],"author":[{"embeddable":true,"href":"https:\/\/francoisrouan.net\/index.php?rest_route=\/wp\/v2\/users\/1"}],"replies":[{"embeddable":true,"href":"https:\/\/francoisrouan.net\/index.php?rest_route=%2Fwp%2Fv2%2Fcomments&post=1523"}],"version-history":[{"count":8,"href":"https:\/\/francoisrouan.net\/index.php?rest_route=\/wp\/v2\/posts\/1523\/revisions"}],"predecessor-version":[{"id":1769,"href":"https:\/\/francoisrouan.net\/index.php?rest_route=\/wp\/v2\/posts\/1523\/revisions\/1769"}],"wp:attachment":[{"href":"https:\/\/francoisrouan.net\/index.php?rest_route=%2Fwp%2Fv2%2Fmedia&parent=1523"}],"wp:term":[{"taxonomy":"category","embeddable":true,"href":"https:\/\/francoisrouan.net\/index.php?rest_route=%2Fwp%2Fv2%2Fcategories&post=1523"},{"taxonomy":"post_tag","embeddable":true,"href":"https:\/\/francoisrouan.net\/index.php?rest_route=%2Fwp%2Fv2%2Ftags&post=1523"}],"curies":[{"name":"wp","href":"https:\/\/api.w.org\/{rel}","templated":true}]}}